{"@context":"https:\/\/schema.org\/","@type":"CollectionPage","@id":"https:\/\/www.adena.sk\/vyrobky\/#CollectionPage","headline":"V\u00fdrobky Category","description":"","url":"https:\/\/www.adena.sk\/vyrobky\/","hasPart":[{"@type":"Article","@id":"https:\/\/www.adena.sk\/co-si-mam-predstavit-pod-zmluvou-o\/","headline":"\u010co si m\u00e1m predstavi\u0165 pod zmluvou o","url":"https:\/\/www.adena.sk\/co-si-mam-predstavit-pod-zmluvou-o\/","datePublished":"2024-08-11","dateModified":"2024-08-11","mainEntityOfPage":"https:\/\/www.adena.sk\/co-si-mam-predstavit-pod-zmluvou-o\/","author":{"@type":"Person","@id":"https:\/\/www.adena.sk\/author\/#Person","name":"","url":"https:\/\/www.adena.sk\/author\/","identifier":1,"image":{"@type":"ImageObject","@id":"https:\/\/secure.gravatar.com\/avatar\/40b5f3ce562f556955b189273c919e65fd2efecc17411a60d9172af88d0e5d58?s=96&d=mm&r=g","url":"https:\/\/secure.gravatar.com\/avatar\/40b5f3ce562f556955b189273c919e65fd2efecc17411a60d9172af88d0e5d58?s=96&d=mm&r=g","height":96,"width":96}},"publisher":{"@type":"Organization","name":"adena.sk","logo":{"@type":"ImageObject","@id":"\/logo.png","url":"\/logo.png","width":600,"height":60}},"image":{"@type":"ImageObject","@id":"https:\/\/www.adena.sk\/wp-content\/uploads\/download_10_10_10_10_10_10_10_10_10_10_10_10_10_10_10_10_10_10_10_10_10_10_10_10_10_10_10_10_10_10_10_10_10_10_10_10_10_10_10_10_10_10_10_10_10_10_10_10_10_10_10_10_10_10_6.jpg","url":"https:\/\/www.adena.sk\/wp-content\/uploads\/download_10_10_10_10_10_10_10_10_10_10_10_10_10_10_10_10_10_10_10_10_10_10_10_10_10_10_10_10_10_10_10_10_10_10_10_10_10_10_10_10_10_10_10_10_10_10_10_10_10_10_10_10_10_10_6.jpg","height":0,"width":0},"keywords":null},{"@type":"Article","@id":"https:\/\/www.adena.sk\/platte-za-vykurovanie-menej\/","headline":"Pla\u0165te za vykurovanie menej","url":"https:\/\/www.adena.sk\/platte-za-vykurovanie-menej\/","datePublished":"2023-10-09","dateModified":"2023-11-10","mainEntityOfPage":"https:\/\/www.adena.sk\/platte-za-vykurovanie-menej\/","author":{"@type":"Person","@id":"https:\/\/www.adena.sk\/author\/#Person","name":"","url":"https:\/\/www.adena.sk\/author\/","identifier":1,"image":{"@type":"ImageObject","@id":"https:\/\/secure.gravatar.com\/avatar\/40b5f3ce562f556955b189273c919e65fd2efecc17411a60d9172af88d0e5d58?s=96&d=mm&r=g","url":"https:\/\/secure.gravatar.com\/avatar\/40b5f3ce562f556955b189273c919e65fd2efecc17411a60d9172af88d0e5d58?s=96&d=mm&r=g","height":96,"width":96}},"publisher":{"@type":"Organization","name":"adena.sk","logo":{"@type":"ImageObject","@id":"\/logo.png","url":"\/logo.png","width":600,"height":60}},"image":{"@type":"ImageObject","@id":"https:\/\/www.adena.sk\/wp-content\/uploads\/energy-1616966_1280-2.png","url":"https:\/\/www.adena.sk\/wp-content\/uploads\/energy-1616966_1280-2.png","height":0,"width":0},"keywords":null},{"@type":"Article","@id":"https:\/\/www.adena.sk\/stresujuce-dni-nikomu-neprospievaju-uvolnenie-najdete-pri-senzualnej-masazi\/","headline":"Stresuj\u00face dni nikomu neprospievaj\u00fa, uvo\u013enenie n\u00e1jdete pri senzu\u00e1lnej mas\u00e1\u017ei","url":"https:\/\/www.adena.sk\/stresujuce-dni-nikomu-neprospievaju-uvolnenie-najdete-pri-senzualnej-masazi\/","datePublished":"2023-09-23","dateModified":"2023-10-23","mainEntityOfPage":"https:\/\/www.adena.sk\/stresujuce-dni-nikomu-neprospievaju-uvolnenie-najdete-pri-senzualnej-masazi\/","author":{"@type":"Person","@id":"https:\/\/www.adena.sk\/author\/#Person","name":"","url":"https:\/\/www.adena.sk\/author\/","identifier":1,"image":{"@type":"ImageObject","@id":"https:\/\/secure.gravatar.com\/avatar\/40b5f3ce562f556955b189273c919e65fd2efecc17411a60d9172af88d0e5d58?s=96&d=mm&r=g","url":"https:\/\/secure.gravatar.com\/avatar\/40b5f3ce562f556955b189273c919e65fd2efecc17411a60d9172af88d0e5d58?s=96&d=mm&r=g","height":96,"width":96}},"publisher":{"@type":"Organization","name":"adena.sk","logo":{"@type":"ImageObject","@id":"\/logo.png","url":"\/logo.png","width":600,"height":60}},"image":{"@type":"ImageObject","@id":"https:\/\/www.adena.sk\/wp-content\/uploads\/pexels-tima-miroshnichenko-6187257_10_2.jpg","url":"https:\/\/www.adena.sk\/wp-content\/uploads\/pexels-tima-miroshnichenko-6187257_10_2.jpg","height":0,"width":0},"keywords":null},{"@type":"Article","@id":"https:\/\/www.adena.sk\/oblubene-plastove-okna-a-dvere\/","headline":"Ob\u013e\u00faben\u00e9 plastov\u00e9 okn\u00e1 a dvere","url":"https:\/\/www.adena.sk\/oblubene-plastove-okna-a-dvere\/","datePublished":"2023-09-19","dateModified":"2023-10-19","mainEntityOfPage":"https:\/\/www.adena.sk\/oblubene-plastove-okna-a-dvere\/","author":{"@type":"Person","@id":"https:\/\/www.adena.sk\/author\/#Person","name":"","url":"https:\/\/www.adena.sk\/author\/","identifier":1,"image":{"@type":"ImageObject","@id":"https:\/\/secure.gravatar.com\/avatar\/40b5f3ce562f556955b189273c919e65fd2efecc17411a60d9172af88d0e5d58?s=96&d=mm&r=g","url":"https:\/\/secure.gravatar.com\/avatar\/40b5f3ce562f556955b189273c919e65fd2efecc17411a60d9172af88d0e5d58?s=96&d=mm&r=g","height":96,"width":96}},"publisher":{"@type":"Organization","name":"adena.sk","logo":{"@type":"ImageObject","@id":"\/logo.png","url":"\/logo.png","width":600,"height":60}},"image":{"@type":"ImageObject","@id":"https:\/\/www.adena.sk\/wp-content\/uploads\/city-1868530_640.jpg","url":"https:\/\/www.adena.sk\/wp-content\/uploads\/city-1868530_640.jpg","height":0,"width":0},"keywords":null},{"@type":"Article","@id":"https:\/\/www.adena.sk\/v-stresujucom-prostredi-sa-neda-prezit-cely-zivot-meditacie-pomozu-pri-uvolneni-mysle-aj-tela\/","headline":"V stresuj\u00facom prostred\u00ed sa ned\u00e1 pre\u017ei\u0165 cel\u00fd \u017eivot, medit\u00e1cie pom\u00f4\u017eu pri uvo\u013enen\u00ed mysle aj tela","url":"https:\/\/www.adena.sk\/v-stresujucom-prostredi-sa-neda-prezit-cely-zivot-meditacie-pomozu-pri-uvolneni-mysle-aj-tela\/","datePublished":"2023-09-18","dateModified":"2023-10-18","mainEntityOfPage":"https:\/\/www.adena.sk\/v-stresujucom-prostredi-sa-neda-prezit-cely-zivot-meditacie-pomozu-pri-uvolneni-mysle-aj-tela\/","author":{"@type":"Person","@id":"https:\/\/www.adena.sk\/author\/#Person","name":"","url":"https:\/\/www.adena.sk\/author\/","identifier":1,"image":{"@type":"ImageObject","@id":"https:\/\/secure.gravatar.com\/avatar\/40b5f3ce562f556955b189273c919e65fd2efecc17411a60d9172af88d0e5d58?s=96&d=mm&r=g","url":"https:\/\/secure.gravatar.com\/avatar\/40b5f3ce562f556955b189273c919e65fd2efecc17411a60d9172af88d0e5d58?s=96&d=mm&r=g","height":96,"width":96}},"publisher":{"@type":"Organization","name":"adena.sk","logo":{"@type":"ImageObject","@id":"\/logo.png","url":"\/logo.png","width":600,"height":60}},"image":{"@type":"ImageObject","@id":"https:\/\/www.adena.sk\/wp-content\/uploads\/meditate-1851165_1280_3.jpg","url":"https:\/\/www.adena.sk\/wp-content\/uploads\/meditate-1851165_1280_3.jpg","height":0,"width":0},"keywords":null},{"@type":"Article","@id":"https:\/\/www.adena.sk\/spolahlivy-a-prakticky-test-pitnej-vody\/","headline":"Spo\u013eahliv\u00fd a praktick\u00fd test pitnej vody","url":"https:\/\/www.adena.sk\/spolahlivy-a-prakticky-test-pitnej-vody\/","datePublished":"2023-09-18","dateModified":"2023-10-18","mainEntityOfPage":"https:\/\/www.adena.sk\/spolahlivy-a-prakticky-test-pitnej-vody\/","author":{"@type":"Person","@id":"https:\/\/www.adena.sk\/author\/#Person","name":"","url":"https:\/\/www.adena.sk\/author\/","identifier":1,"image":{"@type":"ImageObject","@id":"https:\/\/secure.gravatar.com\/avatar\/40b5f3ce562f556955b189273c919e65fd2efecc17411a60d9172af88d0e5d58?s=96&d=mm&r=g","url":"https:\/\/secure.gravatar.com\/avatar\/40b5f3ce562f556955b189273c919e65fd2efecc17411a60d9172af88d0e5d58?s=96&d=mm&r=g","height":96,"width":96}},"publisher":{"@type":"Organization","name":"adena.sk","logo":{"@type":"ImageObject","@id":"\/logo.png","url":"\/logo.png","width":600,"height":60}},"image":{"@type":"ImageObject","@id":"https:\/\/www.adena.sk\/wp-content\/uploads\/splashing-165192_640.jpg","url":"https:\/\/www.adena.sk\/wp-content\/uploads\/splashing-165192_640.jpg","height":0,"width":0},"keywords":null},{"@type":"Article","@id":"https:\/\/www.adena.sk\/krajsie-pracovne-prostredie\/","headline":"Kraj\u0161ie pracovn\u00e9 prostredie","url":"https:\/\/www.adena.sk\/krajsie-pracovne-prostredie\/","datePublished":"2023-09-17","dateModified":"2023-10-17","mainEntityOfPage":"https:\/\/www.adena.sk\/krajsie-pracovne-prostredie\/","author":{"@type":"Person","@id":"https:\/\/www.adena.sk\/author\/#Person","name":"","url":"https:\/\/www.adena.sk\/author\/","identifier":1,"image":{"@type":"ImageObject","@id":"https:\/\/secure.gravatar.com\/avatar\/40b5f3ce562f556955b189273c919e65fd2efecc17411a60d9172af88d0e5d58?s=96&d=mm&r=g","url":"https:\/\/secure.gravatar.com\/avatar\/40b5f3ce562f556955b189273c919e65fd2efecc17411a60d9172af88d0e5d58?s=96&d=mm&r=g","height":96,"width":96}},"publisher":{"@type":"Organization","name":"adena.sk","logo":{"@type":"ImageObject","@id":"\/logo.png","url":"\/logo.png","width":600,"height":60}},"image":{"@type":"ImageObject","@id":"https:\/\/www.adena.sk\/wp-content\/uploads\/vacuum-cleaner-657719_1280_2.jpg","url":"https:\/\/www.adena.sk\/wp-content\/uploads\/vacuum-cleaner-657719_1280_2.jpg","height":0,"width":0},"keywords":null},{"@type":"Article","@id":"https:\/\/www.adena.sk\/preco-investovat-do-klimatizacie\/","headline":"Pre\u010do investova\u0165 do klimatiz\u00e1cie","url":"https:\/\/www.adena.sk\/preco-investovat-do-klimatizacie\/","datePublished":"2023-09-16","dateModified":"2023-10-16","mainEntityOfPage":"https:\/\/www.adena.sk\/preco-investovat-do-klimatizacie\/","author":{"@type":"Person","@id":"https:\/\/www.adena.sk\/author\/#Person","name":"","url":"https:\/\/www.adena.sk\/author\/","identifier":1,"image":{"@type":"ImageObject","@id":"https:\/\/secure.gravatar.com\/avatar\/40b5f3ce562f556955b189273c919e65fd2efecc17411a60d9172af88d0e5d58?s=96&d=mm&r=g","url":"https:\/\/secure.gravatar.com\/avatar\/40b5f3ce562f556955b189273c919e65fd2efecc17411a60d9172af88d0e5d58?s=96&d=mm&r=g","height":96,"width":96}},"publisher":{"@type":"Organization","name":"adena.sk","logo":{"@type":"ImageObject","@id":"\/logo.png","url":"\/logo.png","width":600,"height":60}},"image":{"@type":"ImageObject","@id":"https:\/\/www.adena.sk\/wp-content\/uploads\/air-4070641_1280_1.jpg","url":"https:\/\/www.adena.sk\/wp-content\/uploads\/air-4070641_1280_1.jpg","height":0,"width":0},"keywords":null},{"@type":"Article","@id":"https:\/\/www.adena.sk\/najlepsie-matrace-dobru-noc\/","headline":"Najlep\u0161ie Matrace: Dobr\u00fa Noc","url":"https:\/\/www.adena.sk\/najlepsie-matrace-dobru-noc\/","datePublished":"2023-08-20","dateModified":"2024-03-21","mainEntityOfPage":"https:\/\/www.adena.sk\/najlepsie-matrace-dobru-noc\/","author":{"@type":"Person","@id":"https:\/\/www.adena.sk\/author\/#Person","name":"","url":"https:\/\/www.adena.sk\/author\/","identifier":1,"image":{"@type":"ImageObject","@id":"https:\/\/secure.gravatar.com\/avatar\/40b5f3ce562f556955b189273c919e65fd2efecc17411a60d9172af88d0e5d58?s=96&d=mm&r=g","url":"https:\/\/secure.gravatar.com\/avatar\/40b5f3ce562f556955b189273c919e65fd2efecc17411a60d9172af88d0e5d58?s=96&d=mm&r=g","height":96,"width":96}},"publisher":{"@type":"Organization","name":"adena.sk","logo":{"@type":"ImageObject","@id":"\/logo.png","url":"\/logo.png","width":600,"height":60}},"image":{"@type":"ImageObject","@id":"https:\/\/www.adena.sk\/wp-content\/uploads\/istockphoto-488474958-612x612_1.jpg","url":"https:\/\/www.adena.sk\/wp-content\/uploads\/istockphoto-488474958-612x612_1.jpg","height":0,"width":0},"keywords":null},{"@type":"Article","@id":"https:\/\/www.adena.sk\/nerezove-skrutky-do-dreva\/","headline":"Nerezov\u00e9 skrutky do dreva","url":"https:\/\/www.adena.sk\/nerezove-skrutky-do-dreva\/","datePublished":"2023-08-19","dateModified":"2023-09-19","mainEntityOfPage":"https:\/\/www.adena.sk\/nerezove-skrutky-do-dreva\/","author":{"@type":"Person","@id":"https:\/\/www.adena.sk\/author\/#Person","name":"","url":"https:\/\/www.adena.sk\/author\/","identifier":1,"image":{"@type":"ImageObject","@id":"https:\/\/secure.gravatar.com\/avatar\/40b5f3ce562f556955b189273c919e65fd2efecc17411a60d9172af88d0e5d58?s=96&d=mm&r=g","url":"https:\/\/secure.gravatar.com\/avatar\/40b5f3ce562f556955b189273c919e65fd2efecc17411a60d9172af88d0e5d58?s=96&d=mm&r=g","height":96,"width":96}},"publisher":{"@type":"Organization","name":"adena.sk","logo":{"@type":"ImageObject","@id":"\/logo.png","url":"\/logo.png","width":600,"height":60}},"image":{"@type":"ImageObject","@id":"https:\/\/www.adena.sk\/wp-content\/uploads\/download_10_10_10_10_10_4.jpg","url":"https:\/\/www.adena.sk\/wp-content\/uploads\/download_10_10_10_10_10_4.jpg","height":0,"width":0},"keywords":null}]}