[{"@context":"https:\/\/schema.org\/","@type":"Article","@id":"https:\/\/www.adena.sk\/pomozeme-vam-s-vasim-zacinajucim-webom\/#Article","mainEntityOfPage":"https:\/\/www.adena.sk\/pomozeme-vam-s-vasim-zacinajucim-webom\/","headline":"Pom\u00f4\u017eeme v\u00e1m s va\u0161im za\u010d\u00ednaj\u00facim webom","name":"Pom\u00f4\u017eeme v\u00e1m s va\u0161im za\u010d\u00ednaj\u00facim webom","description":"Za\u010d\u00ednate so zalo\u017een\u00edm webu alebo blogu, na ktorom v\u00e1m z\u00e1le\u017e\u00ed a do ktor\u00e9ho ste investovali mno\u017estvo \u010dasu a \u00fasilia? M\u00e1te v\u0161ak doposia\u013e st\u00e1le pocit, \u017ee nie je dostato\u010dne docenen\u00fd a boli by ste radi za vy\u0161\u0161iu n\u00e1v\u0161tevnos\u0165 a predajnos\u0165 toho, o pon\u00fakate, alebo \u010d\u00edtanos\u0165 toho, \u010do p\u00ed\u0161ete? Ak aj vy zatia\u013e nie ste dostato\u010dne spokojn\u00ed s t\u00fdm, ako sa dar\u00ed v\u00e1\u0161mu webu alebo blogu, teraz m\u00e1te jedine\u010dn\u00fa pr\u00edle\u017eitos\u0165 to zmeni\u0165 k lep\u0161iemu! Pon\u00fakame v\u00e1m mno\u017estvo slu\u017eieb, ktor\u00e9 v\u00e1\u0161mu webu \u010di blogu pom\u00f4\u017eu vzr\u00e1s\u0165 a uk\u00e1za\u0165 sa v tom najlep\u0161om mo\u017enom svetle, presne tak, ako si zasl\u00fa\u017ei. Za\u017eite kone\u010dne \u00faspech, po ktorom tak dlho \u010dak\u00e1te. My v\u00e1m s t\u00fdm pom\u00f4\u017eeme. Pridajte sa aj vy k mno\u017estvu spokojn\u00fdch z\u00e1kazn\u00edkov a ne\u013eutujte. na n\u00e1s n\u00e1jdete na na\u0161ej str\u00e1nke, nap\u00ed\u0161te n\u00e1m preto e\u0161te dnes a dohodneme sa na pl\u00e1ne v\u00e1\u0161ho webov\u00e9ho vzrastu vo ve\u013emi kr\u00e1tkom \u010dase. Ak aj vy chcete vidie\u0165 jednoducho \u00fa\u010dinn\u00e9 v\u00fdsledky,&hellip;\r\n <p> <a class=\"more-link\" href=\"https:\/\/www.adena.sk\/pomozeme-vam-s-vasim-zacinajucim-webom\/\">Read more<\/a><\/p>","datePublished":"2020-02-17","dateModified":"2024-03-29","author":{"@type":"Person","@id":"https:\/\/www.adena.sk\/author\/#Person","name":"","url":"https:\/\/www.adena.sk\/author\/","identifier":1,"image":{"@type":"ImageObject","@id":"https:\/\/secure.gravatar.com\/avatar\/40b5f3ce562f556955b189273c919e65fd2efecc17411a60d9172af88d0e5d58?s=96&d=mm&r=g","url":"https:\/\/secure.gravatar.com\/avatar\/40b5f3ce562f556955b189273c919e65fd2efecc17411a60d9172af88d0e5d58?s=96&d=mm&r=g","height":96,"width":96}},"publisher":{"@type":"Organization","name":"adena.sk","logo":{"@type":"ImageObject","@id":"\/logo.png","url":"\/logo.png","width":600,"height":60}},"image":{"@type":"ImageObject","@id":"https:\/\/www.adena.sk\/wp-content\/uploads\/img_a312430_w16553_t1591868076.jpg","url":"https:\/\/www.adena.sk\/wp-content\/uploads\/img_a312430_w16553_t1591868076.jpg","height":0,"width":0},"url":"https:\/\/www.adena.sk\/pomozeme-vam-s-vasim-zacinajucim-webom\/","about":["Firmy"],"wordCount":422,"articleBody":" Za\u010d\u00ednate so zalo\u017een\u00edm webu alebo blogu, na ktorom v\u00e1m z\u00e1le\u017e\u00ed a do ktor\u00e9ho ste investovali mno\u017estvo \u010dasu a \u00fasilia? M\u00e1te v\u0161ak doposia\u013e st\u00e1le pocit, \u017ee nie je dostato\u010dne docenen\u00fd a boli by ste radi za vy\u0161\u0161iu n\u00e1v\u0161tevnos\u0165 a predajnos\u0165 toho, o pon\u00fakate, alebo \u010d\u00edtanos\u0165 toho, \u010do p\u00ed\u0161ete? Ak aj vy zatia\u013e nie ste dostato\u010dne spokojn\u00ed s t\u00fdm, ako sa dar\u00ed v\u00e1\u0161mu webu alebo blogu, teraz m\u00e1te jedine\u010dn\u00fa pr\u00edle\u017eitos\u0165 to zmeni\u0165 k lep\u0161iemu! Pon\u00fakame v\u00e1m mno\u017estvo slu\u017eieb, ktor\u00e9 v\u00e1\u0161mu webu \u010di blogu pom\u00f4\u017eu vzr\u00e1s\u0165 a uk\u00e1za\u0165 sa v tom najlep\u0161om mo\u017enom svetle, presne tak, ako si zasl\u00fa\u017ei. Za\u017eite kone\u010dne \u00faspech, po ktorom tak dlho \u010dak\u00e1te. My v\u00e1m s t\u00fdm pom\u00f4\u017eeme. Pridajte sa aj vy k mno\u017estvu spokojn\u00fdch z\u00e1kazn\u00edkov a ne\u013eutujte.  na n\u00e1s n\u00e1jdete na na\u0161ej str\u00e1nke, nap\u00ed\u0161te n\u00e1m preto e\u0161te dnes a dohodneme sa na pl\u00e1ne v\u00e1\u0161ho webov\u00e9ho vzrastu vo ve\u013emi kr\u00e1tkom \u010dase. Ak aj vy chcete vidie\u0165 jednoducho \u00fa\u010dinn\u00e9 v\u00fdsledky, ktor\u00e9 bud\u00fa hovori\u0165 sam\u00e9 za seba, jednoducho nav\u0161t\u00edvte na\u0161u str\u00e1nku a uvid\u00edte t\u00fa zmenu u\u017e v priebehu nieko\u013ek\u00fdch dn\u00ed, alebo t\u00fd\u017ed\u0148ov. Stavte na n\u00e1s a na na\u0161e slu\u017eby, ktor\u00e9 s\u00fa pred vami overen\u00e9 mno\u017estvo in\u00fdch z\u00e1kazn\u00edkov, ktor\u00ed rovnako ako aj vy najprv pochybovali, ale nesk\u00f4r spolupr\u00e1cu s nami isto neo\u013eutovali. D\u00e1vame si z\u00e1le\u017ea\u0165 na tom, ako v\u00e1\u0161 web vyzer\u00e1 a postar\u00e1me sa o to, aby sa dostal na vy\u0161\u0161ie prie\u010dky a to v priebehu ve\u013emi kr\u00e1tkeho \u010dasu. Zabudnite preto na zbyto\u010dn\u00e9 pochyby a jednoducho sa aj vy u\u017e dnes pridajte k mno\u017estvu spokojn\u00fdch z\u00e1kazn\u00edkov, ktor\u00ed tie\u017e ne\u013eutuj\u00fa, \u017ee zverili svoj web do r\u00fak pr\u00e1ve n\u00e1m. Sme t\u00edm vy\u0161kolen\u00fdch profesion\u00e1lov, ktor\u00ed vedia \u010do maj\u00fa robi\u0165, aby sa aj v\u00e1\u0161 web te\u0161il z r\u00fdchleho \u00faspechu, ako nikdy doteraz. Zabudnite na pochybnosti a jednoducho nechajte svoj web aj vy za\u017eiari\u0165 v tom najlep\u0161om mo\u017enom svetle. Obr\u00e1\u0165te sa na n\u00e1s a my v\u00e1m pom\u00f4\u017eeme jednoducho, r\u00fdchlo a efekt\u00edvnej\u0161ie, ako kedyko\u013evek predt\u00fdm!                                                                                                                                                                                                                                                                                                                                                                                         3.6\/5 - (5 votes)        "},{"@context":"https:\/\/schema.org\/","@type":"BreadcrumbList","itemListElement":[{"@type":"ListItem","position":1,"name":"Pom\u00f4\u017eeme v\u00e1m s va\u0161im za\u010d\u00ednaj\u00facim webom","item":"https:\/\/www.adena.sk\/pomozeme-vam-s-vasim-zacinajucim-webom\/#breadcrumbitem"}]}]